{"id":5123,"date":"2025-04-10T11:42:16","date_gmt":"2025-04-10T11:42:16","guid":{"rendered":"https:\/\/www.arsenal-alfeite.pt\/?p=5123"},"modified":"2025-04-10T11:47:29","modified_gmt":"2025-04-10T11:47:29","slug":"primeiro-curso-certificado-da-academia-de-formacao-da-arsenal-do-alfeite-s-a","status":"publish","type":"post","link":"https:\/\/www.arsenal-alfeite.pt\/en_us\/primeiro-curso-certificado-da-academia-de-formacao-da-arsenal-do-alfeite-s-a\/","title":{"rendered":"Primeiro Curso Certificado da Academia de Forma\u00e7\u00e3o da Arsenal do Alfeite, S.A."},"content":{"rendered":"<div data-elementor-type=\"wp-post\" data-elementor-id=\"5123\" class=\"elementor elementor-5123\">\n\t\t\t\t\t\t\t\t\t<section class=\"elementor-section elementor-top-section elementor-element elementor-element-1570433d elementor-section-boxed elementor-section-height-default elementor-section-height-default\" data-id=\"1570433d\" data-element_type=\"section\">\n\t\t\t\t\t\t<div class=\"elementor-container elementor-column-gap-default\">\n\t\t\t\t\t<div class=\"elementor-column elementor-col-100 elementor-top-column elementor-element elementor-element-4615f5a8\" data-id=\"4615f5a8\" data-element_type=\"column\">\n\t\t\t<div class=\"elementor-widget-wrap elementor-element-populated\">\n\t\t\t\t\t\t\t\t<div class=\"elementor-element elementor-element-50962891 elementor-widget elementor-widget-text-editor\" data-id=\"50962891\" data-element_type=\"widget\" data-widget_type=\"text-editor.default\">\n\t\t\t\t<div class=\"elementor-widget-container\">\n\t\t\t<style>\/*! elementor - v3.8.1 - 13-11-2022 *\/\n.elementor-widget-text-editor.elementor-drop-cap-view-stacked .elementor-drop-cap{background-color:#818a91;color:#fff}.elementor-widget-text-editor.elementor-drop-cap-view-framed .elementor-drop-cap{color:#818a91;border:3px solid;background-color:transparent}.elementor-widget-text-editor:not(.elementor-drop-cap-view-default) .elementor-drop-cap{margin-top:8px}.elementor-widget-text-editor:not(.elementor-drop-cap-view-default) .elementor-drop-cap-letter{width:1em;height:1em}.elementor-widget-text-editor .elementor-drop-cap{float:left;text-align:center;line-height:1;font-size:50px}.elementor-widget-text-editor .elementor-drop-cap-letter{display:inline-block}<\/style>\t\t\t\t<p>A Academia de Forma\u00e7\u00e3o da Arsenal do Alfeite, recentemente certificada pela DGERT (Dire\u00e7\u00e3o Geral do Emprego e das Rela\u00e7\u00f5es de Trabalho), teve a honra de realizar o seu primeiro curso certificado \u2013 Ferramentas Digitais para Processos de Engenharia. Este curso marca um passo importante no processo de qualifica\u00e7\u00e3o cont\u00ednua dos nossos trabalhadores e no alinhamento com as necessidades tecnol\u00f3gicas da ind\u00fastria naval.<\/p><p>O conte\u00fado program\u00e1tico do curso abrangeu diversas \u00e1reas de tecnologia digital aplicadas aos processos de engenharia naval, com enfoque no uso de ferramentas digitais para otimizar os processos de manuten\u00e7\u00e3o, constru\u00e7\u00e3o e manufatura, incluindo t\u00f3picos como desenho CAD 2D e 3D, modelagem e manufatura subtrativa e aditiva, metrologia e controlo dimensional, e engenharia inversa. Al\u00e9m disso, foram abordados conceitos inovadores como realidade aumentada e virtual, gest\u00e3o documental digital, e renderiza\u00e7\u00e3o 3D.<\/p><p>A forma\u00e7\u00e3o foi cuidadosamente elaborada para fornecer aos formandos as compet\u00eancias necess\u00e1rias para utilizar as tecnologias digitais mais avan\u00e7adas, promovendo maior efici\u00eancia, precis\u00e3o e inova\u00e7\u00e3o nos processos do estaleiro.<\/p><p>Este curso representa um marco significativo no compromisso da Arsenal do Alfeite com a qualifica\u00e7\u00e3o profissional, preparando os nossos trabalhadores para os desafios da ind\u00fastria naval moderna.<\/p><p>Agradecemos a todos os participantes e formador pelo seu empenho e dedica\u00e7\u00e3o!<\/p>\t\t\t\t\t\t<\/div>\n\t\t\t\t<\/div>\n\t\t\t\t\t<\/div>\n\t\t<\/div>\n\t\t\t\t\t\t\t<\/div>\n\t\t<\/section>\n\t\t\t\t\t\t\t<\/div>","protected":false},"excerpt":{"rendered":"<p>A Academia de Forma\u00e7\u00e3o da Arsenal do Alfeite, recentemente certificada pela DGERT (Dire\u00e7\u00e3o Geral do Emprego e das Rela\u00e7\u00f5es de Trabalho), teve a honra de realizar o seu primeiro curso [&hellip;]<\/p>","protected":false},"author":5,"featured_media":5125,"comment_status":"closed","ping_status":"open","sticky":false,"template":"","format":"standard","meta":{"footnotes":""},"categories":[1],"tags":[],"class_list":["post-5123","post","type-post","status-publish","format-standard","has-post-thumbnail","hentry","category-noticias"],"_links":{"self":[{"href":"https:\/\/www.arsenal-alfeite.pt\/en_us\/wp-json\/wp\/v2\/posts\/5123","targetHints":{"allow":["GET"]}}],"collection":[{"href":"https:\/\/www.arsenal-alfeite.pt\/en_us\/wp-json\/wp\/v2\/posts"}],"about":[{"href":"https:\/\/www.arsenal-alfeite.pt\/en_us\/wp-json\/wp\/v2\/types\/post"}],"author":[{"embeddable":true,"href":"https:\/\/www.arsenal-alfeite.pt\/en_us\/wp-json\/wp\/v2\/users\/5"}],"replies":[{"embeddable":true,"href":"https:\/\/www.arsenal-alfeite.pt\/en_us\/wp-json\/wp\/v2\/comments?post=5123"}],"version-history":[{"count":10,"href":"https:\/\/www.arsenal-alfeite.pt\/en_us\/wp-json\/wp\/v2\/posts\/5123\/revisions"}],"predecessor-version":[{"id":5134,"href":"https:\/\/www.arsenal-alfeite.pt\/en_us\/wp-json\/wp\/v2\/posts\/5123\/revisions\/5134"}],"wp:featuredmedia":[{"embeddable":true,"href":"https:\/\/www.arsenal-alfeite.pt\/en_us\/wp-json\/wp\/v2\/media\/5125"}],"wp:attachment":[{"href":"https:\/\/www.arsenal-alfeite.pt\/en_us\/wp-json\/wp\/v2\/media?parent=5123"}],"wp:term":[{"taxonomy":"category","embeddable":true,"href":"https:\/\/www.arsenal-alfeite.pt\/en_us\/wp-json\/wp\/v2\/categories?post=5123"},{"taxonomy":"post_tag","embeddable":true,"href":"https:\/\/www.arsenal-alfeite.pt\/en_us\/wp-json\/wp\/v2\/tags?post=5123"}],"curies":[{"name":"wp","href":"https:\/\/api.w.org\/{rel}","templated":true}]}}